{"id":9403,"date":"2024-07-05T10:42:11","date_gmt":"2024-07-05T10:42:11","guid":{"rendered":"https:\/\/shop.inodev.pt\/?p=9403"},"modified":"2024-07-05T10:42:13","modified_gmt":"2024-07-05T10:42:13","slug":"ansiedade-climatica-o-impacto-das-mudancas-climaticas-na-saude-mental-da-sociedade","status":"publish","type":"post","link":"https:\/\/shop.inodev.pt\/en\/ansiedade-climatica-o-impacto-das-mudancas-climaticas-na-saude-mental-da-sociedade\/","title":{"rendered":"Ansiedade Clim\u00e1tica: o impacto das mudan\u00e7as clim\u00e1ticas na sa\u00fade mental da sociedade"},"content":{"rendered":"<p class=\"has-ast-global-color-3-color has-text-color has-link-color wp-elements-18865dd5573e066b7559b805a7dd053a\"><em>por Equipa Inodev<\/em><\/p>\n\n\n\n<p>Nos \u00faltimos anos, surgiu uma nova preocupa\u00e7\u00e3o global que transcende fronteiras e afeta profundamente a sociedade: a ansiedade clim\u00e1tica. Esta n\u00e3o \u00e9 apenas uma resposta emocional isolada, mas sim um fen\u00f3meno crescente que reflete a ang\u00fastia coletiva em rela\u00e7\u00e3o ao futuro incerto do planeta e da humanidade.<br>Acentuada pelos impactos do aquecimento global e dos eventos clim\u00e1ticos extremos, a ansiedade clim\u00e1tica tornou-se um t\u00f3pico de grande relev\u00e2ncia, com pesquisas na internet atingindo n\u00edveis surpreendentes.<\/p>\n\n\n\n<p>De acordo com dados compilados pelo Google e partilhados com a BBC, as pesquisas relacionadas \u00e0 &#8220;ansiedade clim\u00e1tica&#8221; dispararam nos \u00faltimos anos. Em portugu\u00eas, o aumento foi de 73 vezes nos primeiros dez meses de 2023 em compara\u00e7\u00e3o com o mesmo per\u00edodo em 2017.<\/p>\n\n\n\n<p>Este fen\u00f3meno n\u00e3o \u00e9 exclusivo da l\u00edngua portuguesa, pois as consultas tamb\u00e9m aumentaram significativamente em outros idiomas, como ingl\u00eas (27 vezes) e mandarim (8,5 vezes), na mesma base de compara\u00e7\u00e3o. A ansiedade clim\u00e1tica n\u00e3o discrimina idade, mas a sua presen\u00e7a \u00e9 especialmente marcante entre crian\u00e7as e jovens.<\/p>\n\n\n\n<p>Esta gera\u00e7\u00e3o, mais conectada e informada do que nunca, encontra-se diante de um futuro incerto, despertando inquieta\u00e7\u00f5es profundas sobre o estado do planeta que ir\u00e3o herdar. \u00c0 medida que a consciencializa\u00e7\u00e3o sobre os desafios ambientais cresce, a ansiedade acompanha este aumento de informa\u00e7\u00e3o. O desejo de entender e enfrentar a realidade clim\u00e1tica impulsiona as pesquisas online e reflete a urg\u00eancia percebida em lidar com a crise ambiental.<\/p>\n\n\n\n<figure class=\"wp-block-image aligncenter size-full\"><a href=\"https:\/\/shop.inodev.pt\/wp-content\/uploads\/2024\/07\/image.png\"><img loading=\"lazy\" decoding=\"async\" width=\"499\" height=\"505\" src=\"https:\/\/shop.inodev.pt\/wp-content\/uploads\/2024\/07\/image.png\" alt=\"\" class=\"wp-image-9405\" srcset=\"https:\/\/shop.inodev.pt\/wp-content\/uploads\/2024\/07\/image.png 499w, https:\/\/shop.inodev.pt\/wp-content\/uploads\/2024\/07\/image-296x300.png 296w, https:\/\/shop.inodev.pt\/wp-content\/uploads\/2024\/07\/image-120x120.png 120w, https:\/\/shop.inodev.pt\/wp-content\/uploads\/2024\/07\/image-12x12.png 12w, https:\/\/shop.inodev.pt\/wp-content\/uploads\/2024\/07\/image-24x24.png 24w, https:\/\/shop.inodev.pt\/wp-content\/uploads\/2024\/07\/image-36x36.png 36w, https:\/\/shop.inodev.pt\/wp-content\/uploads\/2024\/07\/image-48x48.png 48w, https:\/\/shop.inodev.pt\/wp-content\/uploads\/2024\/07\/image-100x100.png 100w\" sizes=\"auto, (max-width: 499px) 100vw, 499px\" \/><\/a><\/figure>\n\n\n\n<p>Nos \u00faltimos 12 meses, as pesquisas sobre o futuro aumentaram em 120%, juntamente com termos como &#8220;altera\u00e7\u00f5es clim\u00e1ticas&#8221;, &#8220;adapta\u00e7\u00e3o&#8221; e &#8220;sustentabilidade&#8221;, evidenciando uma mudan\u00e7a significativa na mentalidade global.<br>A sociedade est\u00e1 cada vez mais preocupada em compreender as altera\u00e7\u00f5es clim\u00e1ticas, adaptar-se a elas, promover a sustentabilidade e reduzir as emiss\u00f5es de gases do efeito estufa.<br>A ansiedade clim\u00e1tica \u00e9 mais do que uma simples resposta emocional; \u00e9 um reflexo tang\u00edvel do aumento da consciencializa\u00e7\u00e3o sobre os desafios ambientais que enfrentamos. As pesquisas online e a crescente preocupa\u00e7\u00e3o indicam n\u00e3o apenas um despertar global para a urg\u00eancia clim\u00e1tica, mas tamb\u00e9m um apelo \u00e0 a\u00e7\u00e3o.<br>\u00c0 medida que exploramos o significado e as implica\u00e7\u00f5es da ansiedade clim\u00e1tica, \u00e9 importante transformar essa inquieta\u00e7\u00e3o em a\u00e7\u00f5es concretas para moldar um futuro sustent\u00e1vel para as pr\u00f3ximas gera\u00e7\u00f5es.<\/p>","protected":false},"excerpt":{"rendered":"<p>por Equipa Inodev Nos \u00faltimos anos, surgiu uma nova preocupa\u00e7\u00e3o global que transcende fronteiras e afeta profundamente a sociedade: a ansiedade clim\u00e1tica. Esta n\u00e3o \u00e9 apenas uma resposta emocional isolada, mas sim um fen\u00f3meno crescente que reflete a ang\u00fastia coletiva em rela\u00e7\u00e3o ao futuro incerto do planeta e da humanidade.Acentuada pelos impactos do aquecimento global &hellip;<\/p>\n<p class=\"read-more\"> <a class=\"\" href=\"https:\/\/shop.inodev.pt\/en\/ansiedade-climatica-o-impacto-das-mudancas-climaticas-na-saude-mental-da-sociedade\/\"> <span class=\"screen-reader-text\">Ansiedade Clim\u00e1tica: o impacto das mudan\u00e7as clim\u00e1ticas na sa\u00fade mental da sociedade<\/span> Read More &raquo;<\/a><\/p>","protected":false},"author":1,"featured_media":9406,"comment_status":"closed","ping_status":"open","sticky":false,"template":"","format":"standard","meta":{"content-type":"","site-sidebar-layout":"default","site-content-layout":"default","ast-site-content-layout":"default","site-content-style":"default","site-sidebar-style":"default","ast-global-header-display":"","ast-banner-title-visibility":"","ast-main-header-display":"","ast-hfb-above-header-display":"","ast-hfb-below-header-display":"","ast-hfb-mobile-header-display":"","site-post-title":"","ast-breadcrumbs-content":"","ast-featured-img":"","footer-sml-layout":"","theme-transparent-header-meta":"default","adv-header-id-meta":"","stick-header-meta":"","header-above-stick-meta":"","header-main-stick-meta":"","header-below-stick-meta":"","astra-migrate-meta-layouts":"set","_joinchat":{"telephone":"+351913082543"},"footnotes":""},"categories":[1],"tags":[],"class_list":["post-9403","post","type-post","status-publish","format-standard","has-post-thumbnail","hentry","category-uncategorized"],"yoast_head":"<!-- This site is optimized with the Yoast SEO plugin v20.13 - https:\/\/yoast.com\/wordpress\/plugins\/seo\/ -->\n<title>Ansiedade Clim\u00e1tica: o impacto das mudan\u00e7as clim\u00e1ticas na sa\u00fade mental da sociedade<\/title>\n<meta name=\"description\" content=\"Nos \u00faltimos anos, surgiu uma nova preocupa\u00e7\u00e3o global que transcende fronteiras e afeta profundamente a sociedade: a ansiedade clim\u00e1tica.\" \/>\n<meta name=\"robots\" content=\"index, follow, max-snippet:-1, max-image-preview:large, max-video-preview:-1\" \/>\n<link rel=\"canonical\" href=\"https:\/\/shop.inodev.pt\/en\/ansiedade-climatica-o-impacto-das-mudancas-climaticas-na-saude-mental-da-sociedade\/\" \/>\n<meta property=\"og:locale\" content=\"en_GB\" \/>\n<meta property=\"og:type\" content=\"article\" \/>\n<meta property=\"og:title\" content=\"Ansiedade Clim\u00e1tica: o impacto das mudan\u00e7as clim\u00e1ticas na sa\u00fade mental da sociedade\" \/>\n<meta property=\"og:description\" content=\"Nos \u00faltimos anos, surgiu uma nova preocupa\u00e7\u00e3o global que transcende fronteiras e afeta profundamente a sociedade: a ansiedade clim\u00e1tica.\" \/>\n<meta property=\"og:url\" content=\"https:\/\/shop.inodev.pt\/en\/ansiedade-climatica-o-impacto-das-mudancas-climaticas-na-saude-mental-da-sociedade\/\" \/>\n<meta property=\"og:site_name\" content=\"Loja Inodev - Consultoria de Inova\u00e7\u00e3o\" \/>\n<meta property=\"article:publisher\" content=\"https:\/\/www.facebook.com\/inodev\" \/>\n<meta property=\"article:published_time\" content=\"2024-07-05T10:42:11+00:00\" \/>\n<meta property=\"article:modified_time\" content=\"2024-07-05T10:42:13+00:00\" \/>\n<meta property=\"og:image\" content=\"https:\/\/shop.inodev.pt\/wp-content\/uploads\/2024\/07\/2798y_451mgobectii0orcd5mm2t3541j62orkdtp7ic9k40o3a81i60p30ch060og-scaled.jpg\" \/>\n\t<meta property=\"og:image:width\" content=\"2560\" \/>\n\t<meta property=\"og:image:height\" content=\"1792\" \/>\n\t<meta property=\"og:image:type\" content=\"image\/jpeg\" \/>\n<meta name=\"author\" content=\"inodevstore\" \/>\n<meta name=\"twitter:card\" content=\"summary_large_image\" \/>\n<meta name=\"twitter:label1\" content=\"Written by\" \/>\n\t<meta name=\"twitter:data1\" content=\"inodevstore\" \/>\n\t<meta name=\"twitter:label2\" content=\"Estimated reading time\" \/>\n\t<meta name=\"twitter:data2\" content=\"3 minutes\" \/>\n<script type=\"application\/ld+json\" class=\"yoast-schema-graph\">{\"@context\":\"https:\/\/schema.org\",\"@graph\":[{\"@type\":\"Article\",\"@id\":\"https:\/\/shop.inodev.pt\/ansiedade-climatica-o-impacto-das-mudancas-climaticas-na-saude-mental-da-sociedade\/#article\",\"isPartOf\":{\"@id\":\"https:\/\/shop.inodev.pt\/ansiedade-climatica-o-impacto-das-mudancas-climaticas-na-saude-mental-da-sociedade\/\"},\"author\":{\"name\":\"inodevstore\",\"@id\":\"https:\/\/shop.inodev.pt\/#\/schema\/person\/9bc05f8baf26b4236d261e8496e74edc\"},\"headline\":\"Ansiedade Clim\u00e1tica: o impacto das mudan\u00e7as clim\u00e1ticas na sa\u00fade mental da sociedade\",\"datePublished\":\"2024-07-05T10:42:11+00:00\",\"dateModified\":\"2024-07-05T10:42:13+00:00\",\"mainEntityOfPage\":{\"@id\":\"https:\/\/shop.inodev.pt\/ansiedade-climatica-o-impacto-das-mudancas-climaticas-na-saude-mental-da-sociedade\/\"},\"wordCount\":421,\"publisher\":{\"@id\":\"https:\/\/shop.inodev.pt\/#organization\"},\"articleSection\":[\"Uncategorized\"],\"inLanguage\":\"en-GB\"},{\"@type\":\"WebPage\",\"@id\":\"https:\/\/shop.inodev.pt\/ansiedade-climatica-o-impacto-das-mudancas-climaticas-na-saude-mental-da-sociedade\/\",\"url\":\"https:\/\/shop.inodev.pt\/ansiedade-climatica-o-impacto-das-mudancas-climaticas-na-saude-mental-da-sociedade\/\",\"name\":\"Ansiedade Clim\u00e1tica: o impacto das mudan\u00e7as clim\u00e1ticas na sa\u00fade mental da sociedade\",\"isPartOf\":{\"@id\":\"https:\/\/shop.inodev.pt\/#website\"},\"datePublished\":\"2024-07-05T10:42:11+00:00\",\"dateModified\":\"2024-07-05T10:42:13+00:00\",\"description\":\"Nos \u00faltimos anos, surgiu uma nova preocupa\u00e7\u00e3o global que transcende fronteiras e afeta profundamente a sociedade: a ansiedade clim\u00e1tica.\",\"breadcrumb\":{\"@id\":\"https:\/\/shop.inodev.pt\/ansiedade-climatica-o-impacto-das-mudancas-climaticas-na-saude-mental-da-sociedade\/#breadcrumb\"},\"inLanguage\":\"en-GB\",\"potentialAction\":[{\"@type\":\"ReadAction\",\"target\":[\"https:\/\/shop.inodev.pt\/ansiedade-climatica-o-impacto-das-mudancas-climaticas-na-saude-mental-da-sociedade\/\"]}]},{\"@type\":\"BreadcrumbList\",\"@id\":\"https:\/\/shop.inodev.pt\/ansiedade-climatica-o-impacto-das-mudancas-climaticas-na-saude-mental-da-sociedade\/#breadcrumb\",\"itemListElement\":[{\"@type\":\"ListItem\",\"position\":1,\"name\":\"In\u00edcio\",\"item\":\"https:\/\/shop.inodev.pt\/\"},{\"@type\":\"ListItem\",\"position\":2,\"name\":\"Ansiedade Clim\u00e1tica: o impacto das mudan\u00e7as clim\u00e1ticas na sa\u00fade mental da sociedade\"}]},{\"@type\":\"WebSite\",\"@id\":\"https:\/\/shop.inodev.pt\/#website\",\"url\":\"https:\/\/shop.inodev.pt\/\",\"name\":\"Loja Inodev - Consultoria de Inova\u00e7\u00e3o\",\"description\":\"Servi\u00e7os consultoria de Inova\u00e7\u00e3o\",\"publisher\":{\"@id\":\"https:\/\/shop.inodev.pt\/#organization\"},\"potentialAction\":[{\"@type\":\"SearchAction\",\"target\":{\"@type\":\"EntryPoint\",\"urlTemplate\":\"https:\/\/shop.inodev.pt\/?s={search_term_string}\"},\"query-input\":\"required name=search_term_string\"}],\"inLanguage\":\"en-GB\"},{\"@type\":\"Organization\",\"@id\":\"https:\/\/shop.inodev.pt\/#organization\",\"name\":\"Loja Inodev - Consultoria de Inova\u00e7\u00e3o\",\"url\":\"https:\/\/shop.inodev.pt\/\",\"logo\":{\"@type\":\"ImageObject\",\"inLanguage\":\"en-GB\",\"@id\":\"https:\/\/shop.inodev.pt\/#\/schema\/logo\/image\/\",\"url\":\"https:\/\/shop.inodev.pt\/wp-content\/uploads\/2021\/07\/cropped-shop_inodev-108.png\",\"contentUrl\":\"https:\/\/shop.inodev.pt\/wp-content\/uploads\/2021\/07\/cropped-shop_inodev-108.png\",\"width\":1671,\"height\":517,\"caption\":\"Loja Inodev - Consultoria de Inova\u00e7\u00e3o\"},\"image\":{\"@id\":\"https:\/\/shop.inodev.pt\/#\/schema\/logo\/image\/\"},\"sameAs\":[\"https:\/\/www.facebook.com\/inodev\",\"https:\/\/www.instagram.com\/inodevportugal\/\",\"https:\/\/pt.linkedin.com\/company\/inodev\"]},{\"@type\":\"Person\",\"@id\":\"https:\/\/shop.inodev.pt\/#\/schema\/person\/9bc05f8baf26b4236d261e8496e74edc\",\"name\":\"inodevstore\",\"image\":{\"@type\":\"ImageObject\",\"inLanguage\":\"en-GB\",\"@id\":\"https:\/\/shop.inodev.pt\/#\/schema\/person\/image\/\",\"url\":\"https:\/\/secure.gravatar.com\/avatar\/bcf689e6d3ce972d65eb5c7d8007ef812cc80cb9aee8e83e8667ef4e7ea9fc90?s=96&d=mm&r=g\",\"contentUrl\":\"https:\/\/secure.gravatar.com\/avatar\/bcf689e6d3ce972d65eb5c7d8007ef812cc80cb9aee8e83e8667ef4e7ea9fc90?s=96&d=mm&r=g\",\"caption\":\"inodevstore\"},\"sameAs\":[\"https:\/\/shop.inodev.pt\"],\"url\":\"https:\/\/shop.inodev.pt\/en\/author\/inodevstore\/\"}]}<\/script>\n<!-- \/ Yoast SEO plugin. -->","yoast_head_json":{"title":"Ansiedade Clim\u00e1tica: o impacto das mudan\u00e7as clim\u00e1ticas na sa\u00fade mental da sociedade","description":"Nos \u00faltimos anos, surgiu uma nova preocupa\u00e7\u00e3o global que transcende fronteiras e afeta profundamente a sociedade: a ansiedade clim\u00e1tica.","robots":{"index":"index","follow":"follow","max-snippet":"max-snippet:-1","max-image-preview":"max-image-preview:large","max-video-preview":"max-video-preview:-1"},"canonical":"https:\/\/shop.inodev.pt\/en\/ansiedade-climatica-o-impacto-das-mudancas-climaticas-na-saude-mental-da-sociedade\/","og_locale":"en_GB","og_type":"article","og_title":"Ansiedade Clim\u00e1tica: o impacto das mudan\u00e7as clim\u00e1ticas na sa\u00fade mental da sociedade","og_description":"Nos \u00faltimos anos, surgiu uma nova preocupa\u00e7\u00e3o global que transcende fronteiras e afeta profundamente a sociedade: a ansiedade clim\u00e1tica.","og_url":"https:\/\/shop.inodev.pt\/en\/ansiedade-climatica-o-impacto-das-mudancas-climaticas-na-saude-mental-da-sociedade\/","og_site_name":"Loja Inodev - Consultoria de Inova\u00e7\u00e3o","article_publisher":"https:\/\/www.facebook.com\/inodev","article_published_time":"2024-07-05T10:42:11+00:00","article_modified_time":"2024-07-05T10:42:13+00:00","og_image":[{"width":2560,"height":1792,"url":"https:\/\/shop.inodev.pt\/wp-content\/uploads\/2024\/07\/2798y_451mgobectii0orcd5mm2t3541j62orkdtp7ic9k40o3a81i60p30ch060og-scaled.jpg","type":"image\/jpeg"}],"author":"inodevstore","twitter_card":"summary_large_image","twitter_misc":{"Written by":"inodevstore","Estimated reading time":"3 minutes"},"schema":{"@context":"https:\/\/schema.org","@graph":[{"@type":"Article","@id":"https:\/\/shop.inodev.pt\/ansiedade-climatica-o-impacto-das-mudancas-climaticas-na-saude-mental-da-sociedade\/#article","isPartOf":{"@id":"https:\/\/shop.inodev.pt\/ansiedade-climatica-o-impacto-das-mudancas-climaticas-na-saude-mental-da-sociedade\/"},"author":{"name":"inodevstore","@id":"https:\/\/shop.inodev.pt\/#\/schema\/person\/9bc05f8baf26b4236d261e8496e74edc"},"headline":"Ansiedade Clim\u00e1tica: o impacto das mudan\u00e7as clim\u00e1ticas na sa\u00fade mental da sociedade","datePublished":"2024-07-05T10:42:11+00:00","dateModified":"2024-07-05T10:42:13+00:00","mainEntityOfPage":{"@id":"https:\/\/shop.inodev.pt\/ansiedade-climatica-o-impacto-das-mudancas-climaticas-na-saude-mental-da-sociedade\/"},"wordCount":421,"publisher":{"@id":"https:\/\/shop.inodev.pt\/#organization"},"articleSection":["Uncategorized"],"inLanguage":"en-GB"},{"@type":"WebPage","@id":"https:\/\/shop.inodev.pt\/ansiedade-climatica-o-impacto-das-mudancas-climaticas-na-saude-mental-da-sociedade\/","url":"https:\/\/shop.inodev.pt\/ansiedade-climatica-o-impacto-das-mudancas-climaticas-na-saude-mental-da-sociedade\/","name":"Ansiedade Clim\u00e1tica: o impacto das mudan\u00e7as clim\u00e1ticas na sa\u00fade mental da sociedade","isPartOf":{"@id":"https:\/\/shop.inodev.pt\/#website"},"datePublished":"2024-07-05T10:42:11+00:00","dateModified":"2024-07-05T10:42:13+00:00","description":"Nos \u00faltimos anos, surgiu uma nova preocupa\u00e7\u00e3o global que transcende fronteiras e afeta profundamente a sociedade: a ansiedade clim\u00e1tica.","breadcrumb":{"@id":"https:\/\/shop.inodev.pt\/ansiedade-climatica-o-impacto-das-mudancas-climaticas-na-saude-mental-da-sociedade\/#breadcrumb"},"inLanguage":"en-GB","potentialAction":[{"@type":"ReadAction","target":["https:\/\/shop.inodev.pt\/ansiedade-climatica-o-impacto-das-mudancas-climaticas-na-saude-mental-da-sociedade\/"]}]},{"@type":"BreadcrumbList","@id":"https:\/\/shop.inodev.pt\/ansiedade-climatica-o-impacto-das-mudancas-climaticas-na-saude-mental-da-sociedade\/#breadcrumb","itemListElement":[{"@type":"ListItem","position":1,"name":"In\u00edcio","item":"https:\/\/shop.inodev.pt\/"},{"@type":"ListItem","position":2,"name":"Ansiedade Clim\u00e1tica: o impacto das mudan\u00e7as clim\u00e1ticas na sa\u00fade mental da sociedade"}]},{"@type":"WebSite","@id":"https:\/\/shop.inodev.pt\/#website","url":"https:\/\/shop.inodev.pt\/","name":"Loja Inodev - Consultoria de Inova\u00e7\u00e3o","description":"Servi\u00e7os consultoria de Inova\u00e7\u00e3o","publisher":{"@id":"https:\/\/shop.inodev.pt\/#organization"},"potentialAction":[{"@type":"SearchAction","target":{"@type":"EntryPoint","urlTemplate":"https:\/\/shop.inodev.pt\/?s={search_term_string}"},"query-input":"required name=search_term_string"}],"inLanguage":"en-GB"},{"@type":"Organization","@id":"https:\/\/shop.inodev.pt\/#organization","name":"Loja Inodev - Consultoria de Inova\u00e7\u00e3o","url":"https:\/\/shop.inodev.pt\/","logo":{"@type":"ImageObject","inLanguage":"en-GB","@id":"https:\/\/shop.inodev.pt\/#\/schema\/logo\/image\/","url":"https:\/\/shop.inodev.pt\/wp-content\/uploads\/2021\/07\/cropped-shop_inodev-108.png","contentUrl":"https:\/\/shop.inodev.pt\/wp-content\/uploads\/2021\/07\/cropped-shop_inodev-108.png","width":1671,"height":517,"caption":"Loja Inodev - Consultoria de Inova\u00e7\u00e3o"},"image":{"@id":"https:\/\/shop.inodev.pt\/#\/schema\/logo\/image\/"},"sameAs":["https:\/\/www.facebook.com\/inodev","https:\/\/www.instagram.com\/inodevportugal\/","https:\/\/pt.linkedin.com\/company\/inodev"]},{"@type":"Person","@id":"https:\/\/shop.inodev.pt\/#\/schema\/person\/9bc05f8baf26b4236d261e8496e74edc","name":"inodevstore","image":{"@type":"ImageObject","inLanguage":"en-GB","@id":"https:\/\/shop.inodev.pt\/#\/schema\/person\/image\/","url":"https:\/\/secure.gravatar.com\/avatar\/bcf689e6d3ce972d65eb5c7d8007ef812cc80cb9aee8e83e8667ef4e7ea9fc90?s=96&d=mm&r=g","contentUrl":"https:\/\/secure.gravatar.com\/avatar\/bcf689e6d3ce972d65eb5c7d8007ef812cc80cb9aee8e83e8667ef4e7ea9fc90?s=96&d=mm&r=g","caption":"inodevstore"},"sameAs":["https:\/\/shop.inodev.pt"],"url":"https:\/\/shop.inodev.pt\/en\/author\/inodevstore\/"}]}},"_links":{"self":[{"href":"https:\/\/shop.inodev.pt\/en\/wp-json\/wp\/v2\/posts\/9403","targetHints":{"allow":["GET"]}}],"collection":[{"href":"https:\/\/shop.inodev.pt\/en\/wp-json\/wp\/v2\/posts"}],"about":[{"href":"https:\/\/shop.inodev.pt\/en\/wp-json\/wp\/v2\/types\/post"}],"author":[{"embeddable":true,"href":"https:\/\/shop.inodev.pt\/en\/wp-json\/wp\/v2\/users\/1"}],"replies":[{"embeddable":true,"href":"https:\/\/shop.inodev.pt\/en\/wp-json\/wp\/v2\/comments?post=9403"}],"version-history":[{"count":1,"href":"https:\/\/shop.inodev.pt\/en\/wp-json\/wp\/v2\/posts\/9403\/revisions"}],"predecessor-version":[{"id":9407,"href":"https:\/\/shop.inodev.pt\/en\/wp-json\/wp\/v2\/posts\/9403\/revisions\/9407"}],"wp:featuredmedia":[{"embeddable":true,"href":"https:\/\/shop.inodev.pt\/en\/wp-json\/wp\/v2\/media\/9406"}],"wp:attachment":[{"href":"https:\/\/shop.inodev.pt\/en\/wp-json\/wp\/v2\/media?parent=9403"}],"wp:term":[{"taxonomy":"category","embeddable":true,"href":"https:\/\/shop.inodev.pt\/en\/wp-json\/wp\/v2\/categories?post=9403"},{"taxonomy":"post_tag","embeddable":true,"href":"https:\/\/shop.inodev.pt\/en\/wp-json\/wp\/v2\/tags?post=9403"}],"curies":[{"name":"wp","href":"https:\/\/api.w.org\/{rel}","templated":true}]}}